{"id":48016,"date":"2023-11-29T09:31:54","date_gmt":"2023-11-29T12:31:54","guid":{"rendered":"https:\/\/easyjur.com\/blog\/?p=48016"},"modified":"2025-09-09T08:08:55","modified_gmt":"2025-09-09T11:08:55","slug":"conheca-as-praticas-abusivas-e-veja-como-garantir-o-direito-do-consumidor-no-plano-de-saude","status":"publish","type":"post","link":"https:\/\/easyjur.com\/blog\/conheca-as-praticas-abusivas-e-veja-como-garantir-o-direito-do-consumidor-no-plano-de-saude\/","title":{"rendered":"Como garantir o direito do consumidor no plano de sa\u00fade"},"content":{"rendered":"\t\t<div data-elementor-type=\"wp-post\" data-elementor-id=\"48016\" class=\"elementor elementor-48016\" data-elementor-post-type=\"post\">\n\t\t\t\t<div class=\"elementor-element elementor-element-6be2f6ff e-flex e-con-boxed e-con e-parent\" data-id=\"6be2f6ff\" data-element_type=\"container\" data-e-type=\"container\">\n\t\t\t\t\t<div class=\"e-con-inner\">\n\t\t\t\t<div class=\"elementor-element elementor-element-79aab98e elementor-widget elementor-widget-text-editor\" data-id=\"79aab98e\" data-element_type=\"widget\" data-e-type=\"widget\" data-widget_type=\"text-editor.default\">\n\t\t\t\t\t\t\t\t\t<p>Os servi\u00e7os de sa\u00fade s\u00e3o oferecidos pelo poder p\u00fablico, por\u00e9m com a precariedade do acesso com longas filas para a realiza\u00e7\u00e3o de consultas, exames, cirurgias, entre outros procedimentos, as pessoas t\u00eam a alternativa de contratar os planos de sa\u00fade para obterem um melhor tratamento de sua sa\u00fade.\u00a0<\/p><p><!-- \/wp:paragraph --><\/p><p><!-- wp:paragraph --><\/p><p>Os planos de sa\u00fade s\u00e3o iniciativas privadas que surgiram no intuito de ser uma alternativa a esse servi\u00e7o gratuito j\u00e1 oferecido pelo poder p\u00fablico. Para um plano de sa\u00fade ser comercializado, as operadoras devem disponibiliz\u00e1-los de acordo com as normas ditadas pela Ag\u00eancia Nacional de Sa\u00fade Suplementar (ANS).<\/p><p><!-- \/wp:paragraph --><\/p><p><!-- wp:paragraph --><\/p><p>As regras da ANS incluem uma s\u00e9rie de servi\u00e7os e espa\u00e7os de atendimento pr\u00e9-estabelecidos regulamentados que todas as operadoras de planos de sa\u00fade devem oferecer. Isso se configura como o Rol de Procedimentos e Eventos em Sa\u00fade, onde todos os planos t\u00eam o dever de oferecer como cobertura. Ou seja, existe uma cobertura m\u00ednima de servi\u00e7os que a ANS exige, podendo haver oferecimento de coberturas extras que as operadoras de plano de sa\u00fade podem oferecer.<\/p><p><!-- \/wp:paragraph --><\/p><p><!-- wp:paragraph --><\/p><p>Tanto as coberturas extras quanto a localidade onde o benefici\u00e1rio ser\u00e1 atendido s\u00e3o fatores diferenciais que auxiliam na varia\u00e7\u00e3o dos pre\u00e7os cobrados pelas operadoras, mas sempre precisam estar de acordo com o <a href=\"https:\/\/easyjur.com\/\">direito do consumidor no plano de sa\u00fade<\/a>.<\/p><p><!-- \/wp:paragraph --><\/p><p><!-- wp:heading --><\/p><h2 class=\"wp-block-heading\">O C\u00f3digo de Defesa do Consumidor aplicado aos planos de sa\u00fade<\/h2><p><!-- \/wp:heading --><\/p><p><!-- wp:paragraph --><\/p><p>A Lei 9.656\/98, que regulamenta as normas sobre planos de sa\u00fade privados, disp\u00f5e que o C\u00f3digo de Defesa do Consumidor (CDC) aplica-se complementarmente aos planos de sa\u00fade, estabelece expressamente que os planos s\u00e3o obrigados a cobrir atendimentos de emerg\u00eancia, urg\u00eancia e de planejamento familiar. O plano deve realizar a cobertura do atendimento, nos casos mencionados, mesmo que o estabelecimento n\u00e3o fa\u00e7a parte da rede credenciada.<\/p><p><!-- \/wp:paragraph --><\/p><p><!-- wp:paragraph --><\/p><p>No artigo 35-C, a norma define os atendimentos obrigat\u00f3rios da seguinte forma:<\/p><p><!-- \/wp:paragraph --><\/p><p><!-- wp:list --><\/p><ul class=\"wp-block-list\"><li style=\"list-style-type: none;\"><ul class=\"wp-block-list\"><!-- wp:list-item --><li>Emerg\u00eancia: s\u00e3o os que indicam risco imediato de vida ou dano irrepar\u00e1vel \u00e0 sa\u00fade do paciente, condi\u00e7\u00e3o que deve ser declarada por um m\u00e9dico;\u00a0<\/li><\/ul><\/li><\/ul><p><!-- \/wp:list-item --><\/p><p><!-- wp:list-item --><\/p><ul class=\"wp-block-list\"><li style=\"list-style-type: none;\"><ul class=\"wp-block-list\"><li>Urg\u00eancia: s\u00e3o casos decorrentes de acidentes ou complica\u00e7\u00f5es na gravidez.\u00a0<\/li><\/ul><\/li><\/ul><p><!-- \/wp:list-item --><\/p><p><!-- \/wp:list --><\/p><p><!-- wp:paragraph --><\/p><p>O artigo tamb\u00e9m considera que os atendimentos referentes ao planejamento familiar tamb\u00e9m devem ser cobertos pelos planos. Em caso de descumprimento da Lei, o artigo 35-D prev\u00ea que a Ag\u00eancia Nacional de Sa\u00fade (ANS) pode aplicar multa de at\u00e9 1 milh\u00e3o de reais por cada infra\u00e7\u00e3o.<\/p><p><!-- \/wp:paragraph --><\/p><p><!-- wp:paragraph --><\/p><p>Al\u00e9m disso, outro fundamental direito do consumidor no plano de sa\u00fade, \u00e9 o de acesso \u00e0 informa\u00e7\u00e3o de forma transparente do plano de sa\u00fade que est\u00e1 sendo contratado. Portanto, o artigo 6 da Lei dos Planos de Sa\u00fade afirma que \u00e9 direito do consumidor o acesso \u00e0 informa\u00e7\u00e3o adequada e clara sobre os produtos ou servi\u00e7os, incluindo suas especifica\u00e7\u00f5es, caracter\u00edsticas, composi\u00e7\u00e3o, pre\u00e7o e reajuste de valores.<\/p><p><!-- \/wp:paragraph --><\/p><p><!-- wp:paragraph --><\/p><p>Tamb\u00e9m \u00e9 importante lembrar que no momento da contrata\u00e7\u00e3o, o cliente dever\u00e1 receber os seguintes documentos:<\/p><p><!-- \/wp:paragraph --><\/p><p><!-- wp:list --><\/p><ul class=\"wp-block-list\"><li style=\"list-style-type: none;\"><ul class=\"wp-block-list\"><!-- wp:list-item --><li>C\u00f3pia do contrato assinado, contendo informa\u00e7\u00f5es sobre valores, reajustes e cobertura do plano, seja ele um plano de sa\u00fade com coparticipa\u00e7\u00e3o (onde o usu\u00e1rio paga uma porcentagem sobre cada servi\u00e7o utilizado) ou um plano integral;<\/li><\/ul><\/li><\/ul><p><!-- \/wp:list-item --><\/p><p><!-- wp:list-item --><\/p><ul class=\"wp-block-list\"><li style=\"list-style-type: none;\"><ul class=\"wp-block-list\"><li>Lista com todos os profissionais de sa\u00fade e institui\u00e7\u00f5es que est\u00e3o dispon\u00edveis no plano;<\/li><\/ul><\/li><\/ul><p><!-- \/wp:list-item --><\/p><p><!-- wp:list-item --><\/p><ul class=\"wp-block-list\"><li style=\"list-style-type: none;\"><ul class=\"wp-block-list\"><li>Manual da contrata\u00e7\u00e3o do plano de sa\u00fade;<\/li><\/ul><\/li><\/ul><p><!-- \/wp:list-item --><\/p><p><!-- wp:list-item --><\/p><ul class=\"wp-block-list\"><li style=\"list-style-type: none;\"><ul class=\"wp-block-list\"><li>Guia de leitura contratual.<\/li><\/ul><\/li><\/ul><p><!-- \/wp:list-item --><\/p><p><!-- \/wp:list --><\/p><p><!-- wp:paragraph --><\/p><p>Por fim, tamb\u00e9m \u00e9 direito do consumidor o cancelamento do contrato a qualquer tempo, independente dos motivos do cancelamento. Entretanto, \u00e9 importante lembrar que ao cancelar um plano de sa\u00fade e fazer uma nova contrata\u00e7\u00e3o, o cliente passa por um novo per\u00edodo de car\u00eancia, conforme os par\u00e2metros e regras do novo plano de sa\u00fade contratado.<\/p><p><!-- \/wp:paragraph --><\/p><p><!-- wp:image {\"id\":48020} --><\/p><figure class=\"wp-block-image\"><img fetchpriority=\"high\" decoding=\"async\" width=\"1200\" height=\"800\" class=\"wp-image-48020\" src=\"https:\/\/easyjur.com\/blog\/wp-content\/uploads\/2023\/11\/espera-no-hospital.jpg\" alt=\"espera no hospital\" srcset=\"https:\/\/easyjur.com\/blog\/wp-content\/uploads\/2023\/11\/espera-no-hospital.jpg 1200w, https:\/\/easyjur.com\/blog\/wp-content\/uploads\/2023\/11\/espera-no-hospital-300x200.jpg 300w, https:\/\/easyjur.com\/blog\/wp-content\/uploads\/2023\/11\/espera-no-hospital-768x512.jpg 768w\" sizes=\"(max-width: 1200px) 100vw, 1200px\" \/><\/figure><p><!-- \/wp:image --><\/p><p><!-- wp:heading --><\/p><h2 class=\"wp-block-heading\">Entendendo os prazos m\u00e1ximos de atendimento pelos planos de sa\u00fade<\/h2><p><!-- \/wp:heading --><\/p><p><!-- wp:paragraph --><\/p><p>Ap\u00f3s o per\u00edodo de car\u00eancia, o benefici\u00e1rio ter\u00e1 direito ao atendimento, conforme segmenta\u00e7\u00e3o do plano (se odontol\u00f3gico ou m\u00e9dico-hospitalar; se ambulatorial ou hospitalar com ou sem obstetr\u00edcia; se refer\u00eancia), e este atendimento dever\u00e1 ocorrer dentro dos prazos m\u00e1ximos.<\/p><p><!-- \/wp:paragraph --><\/p><p><!-- wp:paragraph --><\/p><p>Confira os prazos m\u00e1ximos para atendimento (em dias \u00fateis):<\/p><p><!-- \/wp:paragraph --><\/p><p><!-- wp:list --><\/p><ul class=\"wp-block-list\"><li style=\"list-style-type: none;\"><ul class=\"wp-block-list\"><!-- wp:list-item --><li>Consulta b\u00e1sica \u2013 pediatria, cl\u00ednica m\u00e9dica, cirurgia geral, ginecologia e obstetr\u00edcia &#8211; 7 dias;<\/li><\/ul><\/li><\/ul><p><!-- \/wp:list-item --><\/p><p><!-- wp:list-item --><\/p><ul class=\"wp-block-list\"><li style=\"list-style-type: none;\"><ul class=\"wp-block-list\"><li>Consulta nas demais especialidades &#8211; 14 dias;<\/li><\/ul><\/li><\/ul><p><!-- \/wp:list-item --><\/p><p><!-- wp:list-item --><\/p><ul class=\"wp-block-list\"><li style=\"list-style-type: none;\"><ul class=\"wp-block-list\"><li>Consulta\/ sess\u00e3o com fonoaudi\u00f3logo &#8211; 10 dias;<\/li><\/ul><\/li><\/ul><p><!-- \/wp:list-item --><\/p><p><!-- wp:list-item --><\/p><ul class=\"wp-block-list\"><li style=\"list-style-type: none;\"><ul class=\"wp-block-list\"><li>Consulta\/ sess\u00e3o com nutricionista &#8211; 10 dias;<\/li><\/ul><\/li><\/ul><p><!-- \/wp:list-item --><\/p><p><!-- wp:list-item --><\/p><ul class=\"wp-block-list\"><li style=\"list-style-type: none;\"><ul class=\"wp-block-list\"><li>Consulta\/ sess\u00e3o com psic\u00f3logo &#8211; 10 dias;<\/li><\/ul><\/li><\/ul><p><!-- \/wp:list-item --><\/p><p><!-- wp:list-item --><\/p><ul class=\"wp-block-list\"><li style=\"list-style-type: none;\"><ul class=\"wp-block-list\"><li>Consulta\/ sess\u00e3o com terapeuta ocupacional &#8211; 10 dias;<\/li><\/ul><\/li><\/ul><p><!-- \/wp:list-item --><\/p><p><!-- wp:list-item --><\/p><ul class=\"wp-block-list\"><li style=\"list-style-type: none;\"><ul class=\"wp-block-list\"><li>Consulta\/ sess\u00e3o com fisioterapeuta &#8211; 10 dias;<\/li><\/ul><\/li><\/ul><p><!-- \/wp:list-item --><\/p><p><!-- wp:list-item --><\/p><ul class=\"wp-block-list\"><li style=\"list-style-type: none;\"><ul class=\"wp-block-list\"><li>Consulta e procedimentos realizados em consult\u00f3rio\/ cl\u00ednica com cirurgi\u00e3o-dentista &#8211; 7 dias;<\/li><\/ul><\/li><\/ul><p><!-- \/wp:list-item --><\/p><p><!-- wp:list-item --><\/p><ul class=\"wp-block-list\"><li style=\"list-style-type: none;\"><ul class=\"wp-block-list\"><li>Servi\u00e7os de diagn\u00f3stico por laborat\u00f3rio de an\u00e1lises cl\u00ednicas em regime ambulatorial &#8211; 3 dias;<\/li><\/ul><\/li><\/ul><p><!-- \/wp:list-item --><\/p><p><!-- wp:list-item --><\/p><ul class=\"wp-block-list\"><li style=\"list-style-type: none;\"><ul class=\"wp-block-list\"><li>Demais servi\u00e7os de diagn\u00f3stico e terapia em regime ambulatorial &#8211; 10 dias;<\/li><\/ul><\/li><\/ul><p><!-- \/wp:list-item --><\/p><p><!-- wp:list-item --><\/p><ul class=\"wp-block-list\"><li style=\"list-style-type: none;\"><ul class=\"wp-block-list\"><li>Procedimentos de alta complexidade (PAC) &#8211; 21 dias;<\/li><\/ul><\/li><\/ul><p><!-- \/wp:list-item --><\/p><p><!-- wp:list-item --><\/p><ul class=\"wp-block-list\"><li style=\"list-style-type: none;\"><ul class=\"wp-block-list\"><li>Atendimento em regime de hospital-dia &#8211; 10 dias;<\/li><\/ul><\/li><\/ul><p><!-- \/wp:list-item --><\/p><p><!-- wp:list-item --><\/p><ul class=\"wp-block-list\"><li style=\"list-style-type: none;\"><ul class=\"wp-block-list\"><li>Atendimento em regime de interna\u00e7\u00e3o eletiva &#8211; 21 dias;<\/li><\/ul><\/li><\/ul><p><!-- \/wp:list-item --><\/p><p><!-- wp:list-item --><\/p><ul class=\"wp-block-list\"><li style=\"list-style-type: none;\"><ul class=\"wp-block-list\"><li>Urg\u00eancia e emerg\u00eancia &#8211; Imediato.<\/li><\/ul><\/li><\/ul><p><!-- \/wp:list-item --><\/p><p><!-- wp:list-item --><\/p><ul class=\"wp-block-list\"><li style=\"list-style-type: none;\"><ul class=\"wp-block-list\"><li>Consulta de retorno &#8211; A crit\u00e9rio do m\u00e9dico<\/li><\/ul><\/li><\/ul><p><!-- \/wp:list-item --><\/p><p><!-- \/wp:list --><\/p><p><!-- wp:paragraph --><\/p><p>Para que o <a href=\"https:\/\/easyjur.com\/\">direito do consumidor no plano de sa\u00fade<\/a> seja garantido e o cliente seja atendido dentro dos prazos, \u00e9 preciso que ele tenha cumprido os per\u00edodos de car\u00eancia previstos no contrato, conforme o tipo do procedimento.<\/p><p><!-- \/wp:paragraph --><\/p><p><!-- wp:paragraph --><\/p><p>Esses prazos (em dias \u00fateis) valem para atendimento por um dos profissionais ou estabelecimentos de sa\u00fade da rede conveniada ao plano, e n\u00e3o para atendimento por um profissional ou estabelecimento espec\u00edfico de prefer\u00eancia do consumidor.<\/p><p><!-- \/wp:paragraph --><\/p><p><!-- wp:heading --><\/p><h2 class=\"wp-block-heading\">E se caso o plano de sa\u00fade n\u00e3o atenda o cliente dentro prazo m\u00e1ximo estipulado?<\/h2><p><!-- \/wp:heading --><\/p><p><!-- wp:paragraph --><\/p><p>Caso n\u00e3o seja cumprido o atendimento do cliente dentro do prazo m\u00e1ximo estipulado, ainda \u00e9 poss\u00edvel resolver sem recorrer \u00e0 justi\u00e7a. Por isso, em primeiro lugar, ap\u00f3s entrar em contato com m\u00e9dicos e estabelecimentos de sa\u00fade credenciados e n\u00e3o conseguir marcar o procedimento dentro do prazo m\u00e1ximo previsto em lei, o cliente dever\u00e1 entrar em contato com operadora do plano de sa\u00fade para obter uma alternativa para o atendimento solicitado.<\/p><p><!-- \/wp:paragraph --><\/p><p><!-- wp:paragraph --><\/p><p>Tamb\u00e9m \u00e9 importante que o n\u00famero de protocolo seja solicitado atrav\u00e9s deste contato feito com a operadora como comprovante da solicita\u00e7\u00e3o e guardar a data deste contato.<\/p><p><!-- \/wp:paragraph --><\/p><p><!-- wp:paragraph --><\/p><p>Se a operadora do plano de sa\u00fade n\u00e3o garantir o atendimento no prazo estabelecido, contado da data do contato com a operadora, deve-se realizar uma den\u00fancia \u00e0 ANS por meio de um dos canais de relacionamento. Por conta disso, \u00e9 importante ter em m\u00e3os o n\u00famero e a data do protocolo do contato com a operadora.<\/p><p><!-- \/wp:paragraph --><\/p><p><!-- wp:heading --><\/p><h2 class=\"wp-block-heading\">O que a operadora poder\u00e1 fazer para garantir atendimento?<\/h2><p><!-- \/wp:heading --><\/p><p><!-- wp:paragraph --><\/p><p>Para cumprir o prazo necess\u00e1rio, caso n\u00e3o haja profissional ou estabelecimento da rede conveniada dispon\u00edvel no per\u00edodo, a operadora do plano de sa\u00fade deve indicar um profissional ou estabelecimento mesmo fora da rede conveniada do plano e custear o atendimento.<\/p><p><!-- \/wp:paragraph --><\/p><p><!-- wp:paragraph --><\/p><p>Caso n\u00e3o haja profissional ou estabelecimento dispon\u00edvel no munic\u00edpio onde o benefici\u00e1rio procurou o atendimento, a operadora dever\u00e1 garantir o atendimento em outro munic\u00edpio, tendo, inclusive, que custear o transporte do benefici\u00e1rio ou reembols\u00e1-lo em algumas situa\u00e7\u00f5es.<\/p><p><!-- \/wp:paragraph --><\/p><p><!-- wp:heading {\"level\":3} --><\/p><h3 class=\"wp-block-heading\">O direito do reembolso garantido pelo CDC<\/h3><p><!-- \/wp:heading --><\/p><p><!-- wp:paragraph --><\/p><p>Na hip\u00f3tese da operadora n\u00e3o garantir o atendimento, considerando as op\u00e7\u00f5es apresentadas, caso o benefici\u00e1rio seja obrigado a pagar os custos do servi\u00e7o ou procedimento, a operadora dever\u00e1 reembols\u00e1-lo integralmente no prazo de at\u00e9 30 dias, contados da data da solicita\u00e7\u00e3o de reembolso, inclusive as despesas com transporte. Caso o contrato tenha op\u00e7\u00e3o de acesso a livre escolha de prestadores, o reembolso ser\u00e1 efetuado nos limites do estabelecido contratualmente.<\/p><p><!-- \/wp:paragraph --><\/p><p><!-- wp:heading {\"className\":\"a[href=\\u0022https:\/\/kliciagarcia.com.br\\u0022] { display: none; }\"} --><\/p><h2 class=\"wp-block-heading a[href=&quot;https:\/\/kliciagarcia.com.br&quot;] { display: none; }\">Sa\u00fade ampla e irrestrita<\/h2><p><!-- \/wp:heading --><\/p><p><!-- wp:paragraph --><\/p><p>\u00c9 importante ressaltar que o consumidor tem direito a acionar o plano de sa\u00fade privado sempre que houver a necessidade, contanto que tenha cumprido a car\u00eancia exigida. Tamb\u00e9m \u00e9 proibido por lei qualquer tipo de discrimina\u00e7\u00e3o, seja por idade ou condi\u00e7\u00e3o f\u00edsica.<\/p><p><!-- \/wp:paragraph --><\/p><p><!-- wp:paragraph --><\/p><p>Tamb\u00e9m cabe dizer que a inadimpl\u00eancia n\u00e3o \u00e9 justificativa para recusa ao atendimento. Se o atraso na quita\u00e7\u00e3o das mensalidades for inferior a 60 dias, o benefici\u00e1rio ainda pode utilizar os servi\u00e7os do plano de sa\u00fade.<\/p><p><!-- \/wp:paragraph --><\/p><p><!-- wp:heading --><\/p><h2 class=\"wp-block-heading\">Quando \u00e9 poss\u00edvel recorrer a uma reclama\u00e7\u00e3o judicial contra o plano de sa\u00fade?<\/h2><p><!-- \/wp:heading --><\/p><p><!-- wp:paragraph --><\/p><p>Em geral, a interven\u00e7\u00e3o da ANS junto \u00e0 operadora do plano de sa\u00fade costuma surtir efeito contra pr\u00e1ticas abusivas, como cobran\u00e7as indevidas ou restri\u00e7\u00e3o a servi\u00e7os previstos em contrato. Ainda assim, h\u00e1 casos mais dif\u00edceis.<\/p><p><!-- \/wp:paragraph --><\/p><p><!-- wp:paragraph --><\/p><p>Os recursos que vimos anteriormente podem ser solucionados, evitando o estresse do cliente com quest\u00f5es judiciais. Por\u00e9m, esgotadas as tentativas de solucionar o caso, ent\u00e3o o melhor \u00e9 prosseguir com um <span style=\"color: #4d4d4d;\"><a style=\"color: #4d4d4d;\" href=\"https:\/\/kliciagarcia.com.br\" target=\"_blank\" rel=\"noopener\">advogado especialista em planos de sa\u00fade.<\/a><\/span><\/p><p><!-- \/wp:paragraph --><\/p><p><!-- wp:html \/--><\/p><p><!-- wp:heading --><\/p><h2 class=\"wp-block-heading\">Entenda como o software da Easyjur pode auxiliar o advogado em casos de direito do consumidor no plano de sa\u00fade<\/h2><p><!-- \/wp:heading --><\/p><p><!-- wp:paragraph --><\/p><p>As operadoras de planos de sa\u00fade s\u00e3o empresas gigantes e definitivamente possuem capacidade de ganhar muitos processos. Por isso, para o advogado que busca lutar e garantir justi\u00e7a e dignidade para seu cliente, \u00e9 preciso gerenciar e se aprofundar no caso, demandando tempo e energia.<\/p><p><!-- \/wp:paragraph --><\/p><p><!-- wp:paragraph --><\/p><p>Com isso em mente, o advogado que atuar necessitar\u00e1 de grande organiza\u00e7\u00e3o para protocolar todos os arquivos necess\u00e1rios ao caso, al\u00e9m de procurar todas as evid\u00eancias poss\u00edveis <a href=\"https:\/\/easyjur.com\/\">para auxiliar no sucesso do caso<\/a>.<\/p><p><!-- \/wp:paragraph --><\/p><p><!-- wp:paragraph --><\/p><p>Em casos envolvendo o CDC, especialmente quando h\u00e1 uma s\u00e9rie de documentos como contratos, a organiza\u00e7\u00e3o \u00e9 essencial para o advogado. Para auxiliar nesses casos, a <a href=\"https:\/\/easyjur.com\/\">Easyjur<\/a> oferece um software que otimiza o fluxo de trabalho, fornecendo espa\u00e7o em nuvem para organizar todos os documentos e facilitar a colabora\u00e7\u00e3o da equipe.<\/p><p><!-- \/wp:paragraph --><\/p>\t\t\t\t\t\t\t\t<\/div>\n\t\t\t\t\t<\/div>\n\t\t\t\t<\/div>\n\t\t\t\t<\/div>\n\t\t","protected":false},"excerpt":{"rendered":"<p>Os servi\u00e7os de sa\u00fade s\u00e3o oferecidos pelo poder p\u00fablico, por\u00e9m com a precariedade do acesso com longas filas para a realiza\u00e7\u00e3o de consultas, exames, cirurgias, entre outros procedimentos, as pessoas t\u00eam a alternativa de contratar os planos de sa\u00fade para obterem um melhor tratamento de sua sa\u00fade.\u00a0 Os planos de sa\u00fade s\u00e3o iniciativas privadas que [&hellip;]<\/p>\n","protected":false},"author":35,"featured_media":48019,"comment_status":"open","ping_status":"closed","sticky":false,"template":"","format":"standard","meta":{"content-type":"","footnotes":""},"categories":[86],"tags":[],"class_list":["post-48016","post","type-post","status-publish","format-standard","has-post-thumbnail","hentry","category-direito-do-consumidor"],"views":294,"_links":{"self":[{"href":"https:\/\/easyjur.com\/blog\/wp-json\/wp\/v2\/posts\/48016","targetHints":{"allow":["GET"]}}],"collection":[{"href":"https:\/\/easyjur.com\/blog\/wp-json\/wp\/v2\/posts"}],"about":[{"href":"https:\/\/easyjur.com\/blog\/wp-json\/wp\/v2\/types\/post"}],"author":[{"embeddable":true,"href":"https:\/\/easyjur.com\/blog\/wp-json\/wp\/v2\/users\/35"}],"replies":[{"embeddable":true,"href":"https:\/\/easyjur.com\/blog\/wp-json\/wp\/v2\/comments?post=48016"}],"version-history":[{"count":0,"href":"https:\/\/easyjur.com\/blog\/wp-json\/wp\/v2\/posts\/48016\/revisions"}],"wp:featuredmedia":[{"embeddable":true,"href":"https:\/\/easyjur.com\/blog\/wp-json\/wp\/v2\/media\/48019"}],"wp:attachment":[{"href":"https:\/\/easyjur.com\/blog\/wp-json\/wp\/v2\/media?parent=48016"}],"wp:term":[{"taxonomy":"category","embeddable":true,"href":"https:\/\/easyjur.com\/blog\/wp-json\/wp\/v2\/categories?post=48016"},{"taxonomy":"post_tag","embeddable":true,"href":"https:\/\/easyjur.com\/blog\/wp-json\/wp\/v2\/tags?post=48016"}],"curies":[{"name":"wp","href":"https:\/\/api.w.org\/{rel}","templated":true}]}}