{"id":47620,"date":"2023-10-27T13:46:22","date_gmt":"2023-10-27T16:46:22","guid":{"rendered":"https:\/\/easyjur.com\/blog\/?p=47620"},"modified":"2024-07-16T16:33:27","modified_gmt":"2024-07-16T19:33:27","slug":"a-ascensao-da-easyjur-de-minas-gerais-para-o-mundo","status":"publish","type":"post","link":"https:\/\/easyjur.com\/blog\/a-ascensao-da-easyjur-de-minas-gerais-para-o-mundo\/","title":{"rendered":"A Ascens\u00e3o da EasyJur: De Minas Gerais para o Mundo"},"content":{"rendered":"<p>No panorama tecnol\u00f3gico, as startups est\u00e3o reinventando mercados e estabelecendo novos padr\u00f5es para a ind\u00fastria. E no meio jur\u00eddico brasileiro, a EasyJur emerge como uma l\u00edder incontest\u00e1vel. Prova disso \u00e9 sua recente sele\u00e7\u00e3o para o Programa de Acelera\u00e7\u00e3o para Internacionaliza\u00e7\u00e3o, uma iniciativa de peso endossada pelo <a href=\"https:\/\/sebrae.com.br\/sites\/PortalSebrae\/ufs\/mg?codUf=14\" target=\"_blank\" rel=\"noopener\">SEBRAE\/MG<\/a>.<\/p>\n<p>&nbsp;<\/p>\n<h2>A Credibilidade da EasyJur<\/h2>\n<p>A sele\u00e7\u00e3o da EasyJur para o Programa de Acelera\u00e7\u00e3o para Internacionaliza\u00e7\u00e3o n\u00e3o surgiu do nada. Esta distin\u00e7\u00e3o \u00e9 um reflexo do compromisso cont\u00ednuo da empresa em elevar o padr\u00e3o da tecnologia jur\u00eddica e da sua capacidade de moldar o futuro da advocacia.<\/p>\n<p>Mas, o que exatamente torna a <a href=\"https:\/\/easyjur.com\/\">EasyJur<\/a> t\u00e3o distintamente reconhecida no universo jur\u00eddico? Esta startup n\u00e3o \u00e9 apenas uma empresa de tecnologia; ela \u00e9 a refer\u00eancia quando falamos de alta performance no setor jur\u00eddico, uma verdadeira joia nacional que vem ganhando admira\u00e7\u00e3o at\u00e9 mesmo em terras estrangeiras. A base desse reconhecimento se apoia em sua inova\u00e7\u00e3o sem paralelo, principalmente pelo uso avan\u00e7ado de Intelig\u00eancia Artificial. Esta tecnologia permite que advogados e profissionais do direito naveguem por desafios complexos com facilidade e efici\u00eancia inigual\u00e1veis, transformando por completo a maneira como o direito \u00e9 praticado e interpretado.<\/p>\n<p>Al\u00e9m disso, a presen\u00e7a da EasyJur no cen\u00e1rio de inova\u00e7\u00e3o \u00e9 uma indica\u00e7\u00e3o clara de sua miss\u00e3o: n\u00e3o apenas seguir o ritmo da Era Digital, mas estar \u00e0 frente, ditando o ritmo. E com esse reconhecimento internacional agora, as fronteiras da EasyJur est\u00e3o se expandindo, prometendo um impacto global monumental no mundo jur\u00eddico.<\/p>\n<p>&nbsp;<\/p>\n<h2>Preparando-se para o Palco Internacional<\/h2>\n<p>Desde 20 de setembro at\u00e9 18 de novembro, a EasyJur participa de encontros semanais meticulosamente planejados, alinhando-se ao programa e absorvendo valiosos insights de mentores especializados. O objetivo? Preparar-se para marcar presen\u00e7a no renomado <a href=\"https:\/\/websummit.com\/\" target=\"_blank\" rel=\"noopener\">Web Summit Lisboa<\/a>, o principal epicentro de inova\u00e7\u00e3o, tecnologia e empreendedorismo global.<\/p>\n<h2>A EasyJur e o Web Summit Lisboa: Uma Conex\u00e3o Sin\u00e9rgica<\/h2>\n<p>\u201cO reconhecimento do potencial inovador da EasyJur e a oportunidade de nos posicionarmos como uma empresa global \u00e9 realmente emocionante\u201d, celebra Vin\u00edcius Marques, CEO da empresa. A fase de imers\u00e3o em Lisboa ser\u00e1 crucial nesta trajet\u00f3ria e a EasyJur ter\u00e1 um acesso privilegiado ao pulsante ecossistema de inova\u00e7\u00e3o europeu.<\/p>\n<p>&nbsp;<\/p>\n<h2>Mem\u00f3rias do Web Summit 2022<\/h2>\n<p>Para compreender a magnitude deste evento, basta olhar para a edi\u00e7\u00e3o anterior, que contou com a presen\u00e7a de tit\u00e3s tecnol\u00f3gicos como Garry Tan da Y Combinator, Kuo Zhang da Alibaba.com e Ole Obermann do TikTok. Com mais de 250 palestrantes e acima de 70.000 participantes globalmente, o Web Summit de 2022 foi monumental. E a expectativa \u00e9 de que o cen\u00e1rio de 2023 destaque ainda mais a presen\u00e7a brasileira, levando as solu\u00e7\u00f5es tecnol\u00f3gicas do pa\u00eds ao patamar global.<\/p>\n<p>&nbsp;<\/p>\n<h2>EasyJur: Ressignificando a Advocacia Digital<\/h2>\n<p>A miss\u00e3o da EasyJur vai al\u00e9m da simples implementa\u00e7\u00e3o de ferramentas. A empresa est\u00e1 determinada a catalisar transforma\u00e7\u00f5es radicais no ecossistema jur\u00eddico. Empoderando advogados com tecnologia e inova\u00e7\u00e3o de ponta, a EasyJur tem a vis\u00e3o de dominar a Era da Advocacia Digital, pavimentando um futuro mais justo e equilibrado.<\/p>\n<p>&nbsp;<\/p>\n<h2>O Papel Fundamental do SEBRAE\/MG<\/h2>\n<p>N\u00e3o podemos deixar de mencionar o papel vital que o SEBRAE\/MG desempenha neste cen\u00e1rio. O instituto n\u00e3o s\u00f3 reconheceu o potencial da EasyJur, mas tamb\u00e9m est\u00e1 fornecendo assist\u00eancia t\u00e9cnica e suporte em diversos tr\u00e2mites ligados ao programa, garantindo que as empresas selecionadas brilhem no cen\u00e1rio internacional.<\/p>\n<p>&nbsp;<\/p>\n<h3>Explore a EasyJur<\/h3>\n<p>Para os profissionais do direito que est\u00e3o prontos para embarcar em uma jornada tecnol\u00f3gica e revolucionar sua pr\u00e1tica, a oportunidade \u00e9 agora. Experimente o software jur\u00eddico EasyJur gratuitamente por 14 dias e testemunhe a inova\u00e7\u00e3o em primeira m\u00e3o.<\/p>\n","protected":false},"excerpt":{"rendered":"<p>No panorama tecnol\u00f3gico, as startups est\u00e3o reinventando mercados e estabelecendo novos padr\u00f5es para a ind\u00fastria. E no meio jur\u00eddico brasileiro, a EasyJur emerge como uma l\u00edder incontest\u00e1vel. Prova disso \u00e9 sua recente sele\u00e7\u00e3o para o Programa de Acelera\u00e7\u00e3o para Internacionaliza\u00e7\u00e3o, uma iniciativa de peso endossada pelo SEBRAE\/MG. &nbsp; A Credibilidade da EasyJur A sele\u00e7\u00e3o da [&hellip;]<\/p>\n","protected":false},"author":35,"featured_media":3088521,"comment_status":"open","ping_status":"closed","sticky":false,"template":"","format":"standard","meta":{"content-type":"","footnotes":""},"categories":[943],"tags":[],"class_list":["post-47620","post","type-post","status-publish","format-standard","has-post-thumbnail","hentry","category-advogados"],"views":158,"_links":{"self":[{"href":"https:\/\/easyjur.com\/blog\/wp-json\/wp\/v2\/posts\/47620","targetHints":{"allow":["GET"]}}],"collection":[{"href":"https:\/\/easyjur.com\/blog\/wp-json\/wp\/v2\/posts"}],"about":[{"href":"https:\/\/easyjur.com\/blog\/wp-json\/wp\/v2\/types\/post"}],"author":[{"embeddable":true,"href":"https:\/\/easyjur.com\/blog\/wp-json\/wp\/v2\/users\/35"}],"replies":[{"embeddable":true,"href":"https:\/\/easyjur.com\/blog\/wp-json\/wp\/v2\/comments?post=47620"}],"version-history":[{"count":0,"href":"https:\/\/easyjur.com\/blog\/wp-json\/wp\/v2\/posts\/47620\/revisions"}],"wp:featuredmedia":[{"embeddable":true,"href":"https:\/\/easyjur.com\/blog\/wp-json\/wp\/v2\/media\/3088521"}],"wp:attachment":[{"href":"https:\/\/easyjur.com\/blog\/wp-json\/wp\/v2\/media?parent=47620"}],"wp:term":[{"taxonomy":"category","embeddable":true,"href":"https:\/\/easyjur.com\/blog\/wp-json\/wp\/v2\/categories?post=47620"},{"taxonomy":"post_tag","embeddable":true,"href":"https:\/\/easyjur.com\/blog\/wp-json\/wp\/v2\/tags?post=47620"}],"curies":[{"name":"wp","href":"https:\/\/api.w.org\/{rel}","templated":true}]}}