{"id":3094520,"date":"2025-02-26T20:45:00","date_gmt":"2025-02-26T23:45:00","guid":{"rendered":"https:\/\/easyjur.com\/blog\/?p=3094520"},"modified":"2026-03-25T19:00:40","modified_gmt":"2026-03-25T22:00:40","slug":"equidade-ambiental-na-legislacao-brasileira-principios-e-aplicacoes","status":"publish","type":"post","link":"https:\/\/easyjur.com\/blog\/equidade-ambiental-na-legislacao-brasileira-principios-e-aplicacoes\/","title":{"rendered":"Equidade Ambiental na Legisla\u00e7\u00e3o Brasileira: Princ\u00edpios e Aplica\u00e7\u00f5es"},"content":{"rendered":"<h2>Equidade Ambiental na Legisla\u00e7\u00e3o Brasileira: Princ\u00edpios e Aplica\u00e7\u00f5es<\/h2>\n<p>A equidade ambiental \u00e9 um princ\u00edpio que busca garantir que os benef\u00edcios e os \u00f4nus ambientais sejam distribu\u00eddos de forma justa entre os diferentes grupos sociais \u2014 sem que comunidades vulner\u00e1veis suportem desproporcionalmente os impactos negativos da degrada\u00e7\u00e3o ambiental ou das pol\u00edticas de prote\u00e7\u00e3o. No Brasil, esse conceito encontra respaldo constitucional e infraconstitucional, e vem ganhando crescente relev\u00e2ncia na jurisprud\u00eancia e na elabora\u00e7\u00e3o de pol\u00edticas p\u00fablicas.<\/p>\n<h2>Fundamentos Constitucionais<\/h2>\n<p>A Constitui\u00e7\u00e3o Federal de 1988 estabelece as bases da equidade ambiental em m\u00faltiplos dispositivos:<\/p>\n<ul>\n<li>O artigo 225 assegura o direito ao meio ambiente ecologicamente equilibrado para todos \u2014 n\u00e3o apenas para grupos privilegiados.<\/li>\n<li>O artigo 3\u00ba define como objetivos fundamentais da Rep\u00fablica a erradica\u00e7\u00e3o da pobreza, a redu\u00e7\u00e3o das desigualdades e a promo\u00e7\u00e3o do bem comum \u2014 valores que dialogam diretamente com a equidade ambiental.<\/li>\n<li>O artigo 231 protege os territ\u00f3rios e os modos de vida das comunidades ind\u00edgenas, reconhecendo que sua subsist\u00eancia est\u00e1 intrinsecamente ligada ao meio ambiente que habitam.<\/li>\n<\/ul>\n<h2>Princ\u00edpio do Poluidor-Pagador e Equidade<\/h2>\n<p>O princ\u00edpio do poluidor-pagador, consagrado no artigo 4\u00ba, VII, da Lei 6.938\/1981 (Pol\u00edtica Nacional do Meio Ambiente), \u00e9 um dos instrumentos centrais da equidade ambiental. Ao impor ao causador da polui\u00e7\u00e3o os custos de sua preven\u00e7\u00e3o e repara\u00e7\u00e3o, esse princ\u00edpio evita a socializa\u00e7\u00e3o dos danos \u2014 situa\u00e7\u00e3o em que a popula\u00e7\u00e3o em geral (especialmente os mais pobres, que vivem em \u00e1reas de risco) arca com as consequ\u00eancias da degrada\u00e7\u00e3o gerada por atividades privadas lucrativas.<\/p>\n<h2>Racismo Ambiental e o Ordenamento Jur\u00eddico<\/h2>\n<p>O conceito de &#8220;racismo ambiental&#8221; descreve o fen\u00f4meno pelo qual comunidades negras, ind\u00edgenas e perif\u00e9ricas s\u00e3o desproporcionalmente expostas a riscos ambientais \u2014 instala\u00e7\u00e3o de lix\u00f5es, ind\u00fastrias poluidoras, usinas em territ\u00f3rios tradicionais. O ordenamento jur\u00eddico brasileiro oferece instrumentos para combater essa realidade:<\/p>\n<ul>\n<li>O Estatuto da Igualdade Racial (Lei 12.288\/2010) reconhece o direito ao ambiente sadio como direito da popula\u00e7\u00e3o negra.<\/li>\n<li>A Conven\u00e7\u00e3o 169 da OIT \u2014 ratificada pelo Brasil \u2014 exige consulta pr\u00e9via, livre e informada de comunidades ind\u00edgenas e quilombolas antes de qualquer projeto que afete seus territ\u00f3rios.<\/li>\n<li>A a\u00e7\u00e3o civil p\u00fablica ambiental pode ser utilizada para responsabilizar empreendimentos que causem danos desproporcionais a comunidades vulner\u00e1veis.<\/li>\n<\/ul>\n<h2>Equidade Intergeracional<\/h2>\n<p>A equidade ambiental n\u00e3o se aplica apenas entre grupos contempor\u00e2neos \u2014 ela alcan\u00e7a as gera\u00e7\u00f5es futuras. O artigo 225 da CF expressamente menciona o dever de &#8220;preservar o meio ambiente para as presentes e futuras gera\u00e7\u00f5es&#8221;. Esse princ\u00edpio de equidade intergeracional fundamenta a prote\u00e7\u00e3o de recursos naturais n\u00e3o renov\u00e1veis e a proibi\u00e7\u00e3o de atividades que gerem danos irrevers\u00edveis ao meio ambiente.<\/p>\n<p>Na pr\u00e1tica jur\u00eddica, esse princ\u00edpio tem sido invocado em a\u00e7\u00f5es que questionam o licenciamento de projetos com impactos clim\u00e1ticos de longo prazo, como termel\u00e9tricas a carv\u00e3o e projetos de explora\u00e7\u00e3o de combust\u00edveis f\u00f3sseis em ecossistemas sens\u00edveis.<\/p>\n<h2>Aplica\u00e7\u00f5es Pr\u00e1ticas no Direito Ambiental<\/h2>\n<h3>Licenciamento Ambiental Participativo<\/h3>\n<p>A exig\u00eancia de audi\u00eancias p\u00fablicas no licenciamento ambiental de grandes empreendimentos \u00e9 um mecanismo de equidade \u2014 garante que as comunidades afetadas tenham voz no processo decis\u00f3rio antes da aprova\u00e7\u00e3o do projeto.<\/p>\n<h3>Compensa\u00e7\u00e3o Ambiental<\/h3>\n<p>A compensa\u00e7\u00e3o ambiental \u2014 obrigat\u00f3ria para empreendimentos de significativo impacto (artigo 36 da Lei 9.985\/2000) \u2014 deve ser investida preferencialmente em unidades de conserva\u00e7\u00e3o nas \u00e1reas afetadas pelo empreendimento, beneficiando as comunidades locais.<\/p>\n<h3>Fundo Clim\u00e1tico e Distribui\u00e7\u00e3o de Recursos<\/h3>\n<p>A legisla\u00e7\u00e3o clim\u00e1tica, especialmente a Lei 12.187\/2009 (Pol\u00edtica Nacional sobre Mudan\u00e7a do Clima) e seus desdobramentos, cria mecanismos de financiamento para adapta\u00e7\u00e3o e mitiga\u00e7\u00e3o que devem considerar a equidade na distribui\u00e7\u00e3o dos recursos \u2014 priorizando comunidades mais vulner\u00e1veis aos impactos das mudan\u00e7as clim\u00e1ticas.<\/p>\n<h2>O Papel do Advogado Ambiental na Promo\u00e7\u00e3o da Equidade<\/h2>\n<p>Advogados ambientalistas que incorporam o princ\u00edpio da equidade em sua atua\u00e7\u00e3o ampliam significativamente o alcance social do seu trabalho. Seja representando comunidades em conflitos fundi\u00e1rios e ambientais, assessorando empresas na elabora\u00e7\u00e3o de programas de compensa\u00e7\u00e3o social ou atuando junto ao poder p\u00fablico na formula\u00e7\u00e3o de pol\u00edticas inclusivas, o profissional que domina esse princ\u00edpio agrega valor t\u00e9cnico e social \u00e0 sua pr\u00e1tica.<\/p>\n<h2>Conclus\u00e3o<\/h2>\n<p>A equidade ambiental \u00e9 um princ\u00edpio em ascens\u00e3o no direito brasileiro \u2014 presente na Constitui\u00e7\u00e3o, nas leis ambientais e na crescente jurisprud\u00eancia sobre direitos de comunidades vulner\u00e1veis. Compreender seus fundamentos, seus instrumentos legais e suas aplica\u00e7\u00f5es pr\u00e1ticas \u00e9 essencial para o advogado que deseja atuar com profundidade na interse\u00e7\u00e3o entre direito ambiental e justi\u00e7a social.<\/p>\n","protected":false},"excerpt":{"rendered":"<p>Equidade Ambiental na Legisla\u00e7\u00e3o Brasileira: Princ\u00edpios e Aplica\u00e7\u00f5es A equidade ambiental \u00e9 um princ\u00edpio que busca garantir que os benef\u00edcios e os \u00f4nus ambientais sejam distribu\u00eddos de forma justa entre os diferentes grupos sociais \u2014 sem que comunidades vulner\u00e1veis suportem desproporcionalmente os impactos negativos da degrada\u00e7\u00e3o ambiental ou das pol\u00edticas de prote\u00e7\u00e3o. No Brasil, esse [&hellip;]<\/p>\n","protected":false},"author":35,"featured_media":3094537,"comment_status":"closed","ping_status":"closed","sticky":false,"template":"","format":"standard","meta":{"content-type":"","footnotes":""},"categories":[162],"tags":[],"class_list":["post-3094520","post","type-post","status-publish","format-standard","has-post-thumbnail","hentry","category-direito-ambiental"],"views":230,"_links":{"self":[{"href":"https:\/\/easyjur.com\/blog\/wp-json\/wp\/v2\/posts\/3094520","targetHints":{"allow":["GET"]}}],"collection":[{"href":"https:\/\/easyjur.com\/blog\/wp-json\/wp\/v2\/posts"}],"about":[{"href":"https:\/\/easyjur.com\/blog\/wp-json\/wp\/v2\/types\/post"}],"author":[{"embeddable":true,"href":"https:\/\/easyjur.com\/blog\/wp-json\/wp\/v2\/users\/35"}],"replies":[{"embeddable":true,"href":"https:\/\/easyjur.com\/blog\/wp-json\/wp\/v2\/comments?post=3094520"}],"version-history":[{"count":1,"href":"https:\/\/easyjur.com\/blog\/wp-json\/wp\/v2\/posts\/3094520\/revisions"}],"predecessor-version":[{"id":3099413,"href":"https:\/\/easyjur.com\/blog\/wp-json\/wp\/v2\/posts\/3094520\/revisions\/3099413"}],"wp:featuredmedia":[{"embeddable":true,"href":"https:\/\/easyjur.com\/blog\/wp-json\/wp\/v2\/media\/3094537"}],"wp:attachment":[{"href":"https:\/\/easyjur.com\/blog\/wp-json\/wp\/v2\/media?parent=3094520"}],"wp:term":[{"taxonomy":"category","embeddable":true,"href":"https:\/\/easyjur.com\/blog\/wp-json\/wp\/v2\/categories?post=3094520"},{"taxonomy":"post_tag","embeddable":true,"href":"https:\/\/easyjur.com\/blog\/wp-json\/wp\/v2\/tags?post=3094520"}],"curies":[{"name":"wp","href":"https:\/\/api.w.org\/{rel}","templated":true}]}}